{"id":51,"date":"2025-07-23T18:19:27","date_gmt":"2025-07-23T18:19:27","guid":{"rendered":"https:\/\/webex.rs\/?p=51"},"modified":"2025-07-23T18:19:27","modified_gmt":"2025-07-23T18:19:27","slug":"negativne-strane-tehnologije-izazovi-digitalnog-doba","status":"publish","type":"post","link":"https:\/\/webex.rs\/?p=51","title":{"rendered":"Negativne strane tehnologije \u2013 izazovi digitalnog doba"},"content":{"rendered":"\n<p>Tehnologija je bez sumnje donela ogroman napredak i transformisala na\u0161 na\u010din \u017eivota, ali sa sobom nosi i brojne negativne posledice koje uti\u010du na pojedince, porodice i dru\u0161tvo u celini. Sve ve\u0107a zavisnost od digitalnih ure\u0111aja, automatizacije i interneta otvara nove rizike i probleme koje je va\u017eno prepoznati, razumeti i aktivno re\u0161avati. U ovom pro\u0161irenom tekstu detaljnije \u0107emo razmotriti najva\u017enije negativne aspekte tehnologije, njihove posledice, ali i kako ih uspe\u0161no prevazi\u0107i.<\/p>\n\n\n\n<hr class=\"wp-block-separator has-alpha-channel-opacity\"\/>\n\n\n\n<h2 class=\"wp-block-heading\">1. <strong>Digitalna zavisnost i smanjenje socijalnih veza<\/strong><\/h2>\n\n\n\n<figure class=\"wp-block-image size-full\"><img loading=\"lazy\" decoding=\"async\" width=\"600\" height=\"899\" src=\"https:\/\/webex.rs\/wp-content\/uploads\/2025\/07\/image-19.png\" alt=\"\" class=\"wp-image-52\" srcset=\"https:\/\/webex.rs\/wp-content\/uploads\/2025\/07\/image-19.png 600w, https:\/\/webex.rs\/wp-content\/uploads\/2025\/07\/image-19-200x300.png 200w\" sizes=\"auto, (max-width: 600px) 100vw, 600px\" \/><\/figure>\n\n\n\n<p>Sve ve\u0107i broj ljudi, bez obzira na godine, postaje zavistan od pametnih telefona, dru\u0161tvenih mre\u017ea, video igara i drugih digitalnih sadr\u017eaja. Ovo mo\u017ee dovesti do:<\/p>\n\n\n\n<ul class=\"wp-block-list\">\n<li><strong>Gubitka interesa za stvarne me\u0111uljudske odnose<\/strong>, jer ljudi vi\u0161e vremena provode u virtuelnom svetu nego u li\u010dnim susretima.<\/li>\n\n\n\n<li><strong>Problema sa mentalnim zdravljem<\/strong> kao \u0161to su anksioznost, depresija, stres i poreme\u0107aji spavanja.<\/li>\n\n\n\n<li><strong>Pad produktivnosti i koncentracije<\/strong>, naro\u010dito kod dece i mladih, \u0161to mo\u017ee uticati na \u0161kolovanje i rad.<\/li>\n<\/ul>\n\n\n\n<h3 class=\"wp-block-heading\">Kako se izboriti?<\/h3>\n\n\n\n<p>Postavljanje vremenskih ograni\u010denja, digitalni detoks i podsticanje offline aktivnosti kao \u0161to su sport, \u010ditanje i dru\u017eenje su klju\u010dni koraci.<\/p>\n\n\n\n<hr class=\"wp-block-separator has-alpha-channel-opacity\"\/>\n\n\n\n<h2 class=\"wp-block-heading\">2. <strong>Narastaju\u0107i problemi sa privatno\u0161\u0107u i sajber bezbedno\u0161\u0107u<\/strong><\/h2>\n\n\n\n<figure class=\"wp-block-image size-full\"><img loading=\"lazy\" decoding=\"async\" width=\"612\" height=\"344\" src=\"https:\/\/webex.rs\/wp-content\/uploads\/2025\/07\/image-20.png\" alt=\"\" class=\"wp-image-53\" srcset=\"https:\/\/webex.rs\/wp-content\/uploads\/2025\/07\/image-20.png 612w, https:\/\/webex.rs\/wp-content\/uploads\/2025\/07\/image-20-300x169.png 300w\" sizes=\"auto, (max-width: 612px) 100vw, 612px\" \/><\/figure>\n\n\n\n<p>Sve vi\u0161e li\u010dnih podataka se prikuplja, \u010duva i obra\u0111uje \u2013 od online kupovine i dru\u0161tvenih mre\u017ea, do zdravstvenih kartona i finansijskih transakcija. To dovodi do:<\/p>\n\n\n\n<ul class=\"wp-block-list\">\n<li><strong>Rizika od sajber napada<\/strong> \u2013 hakerski upadi u sisteme, kra\u0111a identiteta i podataka.<\/li>\n\n\n\n<li><strong>Kra\u0111e privatnih informacija<\/strong> koje mogu biti zloupotrebljene za prevare ili ucene.<\/li>\n\n\n\n<li><strong>Nedostatka kontrole nad sopstvenim digitalnim tragom<\/strong> jer mnogi korisnici nisu svesni koliko i kako se njihovi podaci koriste.<\/li>\n<\/ul>\n\n\n\n<h3 class=\"wp-block-heading\">Kako za\u0161tititi privatnost?<\/h3>\n\n\n\n<p>Kori\u0161\u0107enje jakih lozinki, dvofaktorske autentifikacije, pa\u017eljivo deljenje informacija i edukacija o sajber bezbednosti su neophodni.<\/p>\n\n\n\n<hr class=\"wp-block-separator has-alpha-channel-opacity\"\/>\n\n\n\n<h2 class=\"wp-block-heading\">3. <strong>Automatizacija i promena tr\u017ei\u0161ta rada<\/strong><\/h2>\n\n\n\n<figure class=\"wp-block-image size-full\"><img loading=\"lazy\" decoding=\"async\" width=\"600\" height=\"400\" src=\"https:\/\/webex.rs\/wp-content\/uploads\/2025\/07\/image-21.png\" alt=\"\" class=\"wp-image-54\" srcset=\"https:\/\/webex.rs\/wp-content\/uploads\/2025\/07\/image-21.png 600w, https:\/\/webex.rs\/wp-content\/uploads\/2025\/07\/image-21-300x200.png 300w\" sizes=\"auto, (max-width: 600px) 100vw, 600px\" \/><\/figure>\n\n\n\n<p>Roboti, ve\u0161ta\u010dka inteligencija i automatizovani sistemi zamenjuju mnoge poslove, naro\u010dito u proizvodnji, administraciji i uslu\u017enim delatnostima. Posledice su:<\/p>\n\n\n\n<ul class=\"wp-block-list\">\n<li><strong>Gubitak tradicionalnih radnih mesta<\/strong> i pove\u0107ana nezaposlenost u odre\u0111enim sektorima.<\/li>\n\n\n\n<li><strong>Potreba za prekvalifikacijom i novim ve\u0161tinama<\/strong> koje nisu dostupne svima podjednako.<\/li>\n\n\n\n<li><strong>Rizik od produbljivanja dru\u0161tvenih nejednakosti<\/strong> izme\u0111u onih koji mogu da prate tehnolo\u0161ke promene i onih koji ne mogu.<\/li>\n<\/ul>\n\n\n\n<h3 class=\"wp-block-heading\">Kako se prilagoditi?<\/h3>\n\n\n\n<p>Ulaganje u obrazovanje, podr\u0161ka \u017eivotnom u\u010denju i razvoj kreativnih i socijalnih ve\u0161tina su klju\u010dni za odr\u017eivu budu\u0107nost rada.<\/p>\n\n\n\n<hr class=\"wp-block-separator has-alpha-channel-opacity\"\/>\n\n\n\n<h2 class=\"wp-block-heading\">4. <strong>\u0160irenje la\u017enih vesti i dezinformacija<\/strong><\/h2>\n\n\n\n<figure class=\"wp-block-image size-full\"><img loading=\"lazy\" decoding=\"async\" width=\"600\" height=\"900\" src=\"https:\/\/webex.rs\/wp-content\/uploads\/2025\/07\/image-22.png\" alt=\"\" class=\"wp-image-55\" srcset=\"https:\/\/webex.rs\/wp-content\/uploads\/2025\/07\/image-22.png 600w, https:\/\/webex.rs\/wp-content\/uploads\/2025\/07\/image-22-200x300.png 200w\" sizes=\"auto, (max-width: 600px) 100vw, 600px\" \/><\/figure>\n\n\n\n<p>Internet je sjajan alat za brzo \u0161irenje informacija, ali i la\u017enih vesti, propagande i teorija zavere. Posledice uklju\u010duju:<\/p>\n\n\n\n<ul class=\"wp-block-list\">\n<li><strong>Dezinformisanost i konfuziju javnosti<\/strong> oko va\u017enih tema poput zdravlja, politike i nauke.<\/li>\n\n\n\n<li><strong>Pove\u0107anje dru\u0161tvene polarizacije i netrpeljivosti.<\/strong><\/li>\n\n\n\n<li><strong>Smanjenje poverenja u medije i zvani\u010dne institucije.<\/strong><\/li>\n<\/ul>\n\n\n\n<h3 class=\"wp-block-heading\">Kako se za\u0161tititi?<\/h3>\n\n\n\n<p>Razvijanje kriti\u010dkog mi\u0161ljenja, proveravanje izvora i medijska pismenost su neophodni alati za svakog korisnika interneta.<\/p>\n\n\n\n<hr class=\"wp-block-separator has-alpha-channel-opacity\"\/>\n\n\n\n<h2 class=\"wp-block-heading\">5. <strong>Fizi\u010dki problemi povezani sa dugotrajnim kori\u0161\u0107enjem tehnologije<\/strong><\/h2>\n\n\n\n<p>Dugotrajno gledanje u ekrane mo\u017ee izazvati:<\/p>\n\n\n\n<ul class=\"wp-block-list\">\n<li><strong>Zamoran vid i o\u0161te\u0107enje o\u010diju (digitalni zamor o\u010diju).<\/strong><\/li>\n\n\n\n<li><strong>Probleme sa dr\u017eanjem tela, bolove u le\u0111ima i vratu.<\/strong><\/li>\n\n\n\n<li><strong>Poreme\u0107aje sna usled plavog svetla koje emituju ekrani.<\/strong><\/li>\n\n\n\n<li><strong>Nedostatak fizi\u010dke aktivnosti, \u0161to mo\u017ee doprineti gojaznosti i drugim zdravstvenim problemima.<\/strong><\/li>\n<\/ul>\n\n\n\n<h3 class=\"wp-block-heading\">Kako smanjiti rizike?<\/h3>\n\n\n\n<p>Pravljenje redovnih pauza, kori\u0161\u0107enje nao\u010dara za ekran, ergonomija radnog mesta i balans izme\u0111u digitalnih i fizi\u010dkih aktivnosti su klju\u010dni.<\/p>\n\n\n\n<hr class=\"wp-block-separator has-alpha-channel-opacity\"\/>\n\n\n\n<h2 class=\"wp-block-heading\">6. <strong>Digitalna podela i nejednakost<\/strong><\/h2>\n\n\n\n<p>Iako internet i digitalni ure\u0111aji postaju dostupniji, i dalje postoji zna\u010dajan jaz:<\/p>\n\n\n\n<ul class=\"wp-block-list\">\n<li><strong>Izme\u0111u razvijenih i nerazvijenih zemalja<\/strong>, gde veliki broj ljudi nema pristup internetu.<\/li>\n\n\n\n<li><strong>Unutar dru\u0161tava<\/strong>, gde siroma\u0161ni i marginalizovani nemaju iste mogu\u0107nosti kao bogatiji slojevi.<\/li>\n\n\n\n<li><strong>U obrazovanju i zapo\u0161ljavanju<\/strong>, gde digitalne ve\u0161tine postaju klju\u010d za uspeh.<\/li>\n<\/ul>\n\n\n\n<h3 class=\"wp-block-heading\">Kako smanjiti jaz?<\/h3>\n\n\n\n<p>Investicije u infrastrukturu, subvencije za ure\u0111aje i obrazovanje za digitalnu pismenost mogu pomo\u0107i u smanjenju ovih razlika.<\/p>\n\n\n\n<hr class=\"wp-block-separator has-alpha-channel-opacity\"\/>\n\n\n\n<h2 class=\"wp-block-heading\">7. <strong>Etika i odgovornost u kori\u0161\u0107enju tehnologije<\/strong><\/h2>\n\n\n\n<p>Napredak tehnologije, naro\u010dito u oblastima ve\u0161ta\u010dke inteligencije, biotehnologije i nadzora, postavlja ozbiljna eti\u010dka pitanja:<\/p>\n\n\n\n<ul class=\"wp-block-list\">\n<li><strong>Kako spre\u010diti zloupotrebu tehnologije za kontrolu i nadzor gra\u0111ana?<\/strong><\/li>\n\n\n\n<li><strong>Kako obezbediti pravi\u010dnost i transparentnost u algoritmima koji donose odluke?<\/strong><\/li>\n\n\n\n<li><strong>Koje granice postaviti u primeni novih tehnologija u medicini i genetici?<\/strong><\/li>\n<\/ul>\n\n\n\n<h3 class=\"wp-block-heading\">Va\u017enost etike<\/h3>\n\n\n\n<p>Razvijanje jasnih pravila, zakonskih okvira i dru\u0161tvenog nadzora klju\u010dno je za sigurno i pravedno kori\u0161\u0107enje tehnologije.<\/p>\n\n\n\n<hr class=\"wp-block-separator has-alpha-channel-opacity\"\/>\n\n\n\n<h2 class=\"wp-block-heading\"><strong>Zaklju\u010dak<\/strong><\/h2>\n\n\n\n<p>Tehnologija je mo\u0107an alat sa potencijalom da unapredi na\u0161 \u017eivot, ali njeni negativni aspekti zahtevaju na\u0161u pa\u017enju i odgovornost. Samo kroz edukaciju, svestan pristup i zajedni\u010dki napor mo\u017eemo ubla\u017eiti rizike i maksimalno iskoristiti sve benefite koje tehnologija pru\u017ea.<\/p>\n","protected":false},"excerpt":{"rendered":"<p>Tehnologija je bez sumnje donela ogroman napredak i transformisala na\u0161 na\u010din \u017eivota, ali sa sobom nosi i brojne negativne posledice koje uti\u010du na pojedince, porodice i dru\u0161tvo u celini. Sve ve\u0107a zavisnost od digitalnih ure\u0111aja, automatizacije i interneta otvara nove rizike i probleme koje je va\u017eno prepoznati, razumeti i aktivno re\u0161avati. U ovom pro\u0161irenom tekstu [&hellip;]<\/p>\n","protected":false},"author":2,"featured_media":56,"comment_status":"open","ping_status":"open","sticky":false,"template":"","format":"standard","meta":{"footnotes":""},"categories":[1],"tags":[7,5,6],"class_list":["post-51","post","type-post","status-publish","format-standard","has-post-thumbnail","hentry","category-uncategorized","tag-internet","tag-tehnologija","tag-web"],"_links":{"self":[{"href":"https:\/\/webex.rs\/index.php?rest_route=\/wp\/v2\/posts\/51","targetHints":{"allow":["GET"]}}],"collection":[{"href":"https:\/\/webex.rs\/index.php?rest_route=\/wp\/v2\/posts"}],"about":[{"href":"https:\/\/webex.rs\/index.php?rest_route=\/wp\/v2\/types\/post"}],"author":[{"embeddable":true,"href":"https:\/\/webex.rs\/index.php?rest_route=\/wp\/v2\/users\/2"}],"replies":[{"embeddable":true,"href":"https:\/\/webex.rs\/index.php?rest_route=%2Fwp%2Fv2%2Fcomments&post=51"}],"version-history":[{"count":1,"href":"https:\/\/webex.rs\/index.php?rest_route=\/wp\/v2\/posts\/51\/revisions"}],"predecessor-version":[{"id":57,"href":"https:\/\/webex.rs\/index.php?rest_route=\/wp\/v2\/posts\/51\/revisions\/57"}],"wp:featuredmedia":[{"embeddable":true,"href":"https:\/\/webex.rs\/index.php?rest_route=\/wp\/v2\/media\/56"}],"wp:attachment":[{"href":"https:\/\/webex.rs\/index.php?rest_route=%2Fwp%2Fv2%2Fmedia&parent=51"}],"wp:term":[{"taxonomy":"category","embeddable":true,"href":"https:\/\/webex.rs\/index.php?rest_route=%2Fwp%2Fv2%2Fcategories&post=51"},{"taxonomy":"post_tag","embeddable":true,"href":"https:\/\/webex.rs\/index.php?rest_route=%2Fwp%2Fv2%2Ftags&post=51"}],"curies":[{"name":"wp","href":"https:\/\/api.w.org\/{rel}","templated":true}]}}